{"id":346857,"date":"2026-02-12T20:47:42","date_gmt":"2026-02-12T19:47:42","guid":{"rendered":"https:\/\/csgconsultores.com\/?p=346857"},"modified":"2026-02-12T20:47:42","modified_gmt":"2026-02-12T19:47:42","slug":"la-revolucion-de-las-canas-5-verdades-que-cambiaran-tu-forma-de-ver-el-envejecimiento","status":"publish","type":"post","link":"https:\/\/csgconsultores.com\/en\/la-revolucion-de-las-canas-5-verdades-que-cambiaran-tu-forma-de-ver-el-envejecimiento\/","title":{"rendered":"La Revoluci\u00f3n de las Canas: 5 Verdades que Cambiar\u00e1n tu Forma de Ver el Envejecimiento"},"content":{"rendered":"<h3 data-path-to-node=\"1\"><span data-path-to-node=\"1,1\"><span class=\"citation-209\">\u00bfAlguna vez te has detenido a pensar si la jubilaci\u00f3n es realmente un punto final o, quiz\u00e1s, el comienzo de algo mucho m\u00e1s grande?<\/span><\/span><span data-path-to-node=\"1,3\">. <\/span><span data-path-to-node=\"1,5\"><span class=\"citation-208\">Solemos asociar el paso de los a\u00f1os con la p\u00e9rdida de facultades, pero la realidad actual est\u00e1 rompiendo todos nuestros esquemas<\/span><\/span><span data-path-to-node=\"1,7\">. <\/span><span data-path-to-node=\"1,9\"><span class=\"citation-207\">En Espa\u00f1a, nos enfrentamos a un cambio de paradigma que no solo afecta a nuestra salud, sino a c\u00f3mo decidimos, c\u00f3mo invertimos y c\u00f3mo aportamos valor a la sociedad<\/span><\/span><span data-path-to-node=\"1,11\">. <\/span><span data-path-to-node=\"1,13\"><span class=\"citation-206\">Desde <\/span><b data-path-to-node=\"1,13\" data-index-in-node=\"6\"><span class=\"citation-206\">csgconsultores.com<\/span><\/b><span class=\"citation-206\">, analizamos esta transformaci\u00f3n para entender c\u00f3mo navegar con \u00e9xito este nuevo escenario<\/span><\/span><span data-path-to-node=\"1,15\">.<\/span><\/h3>\n<h4 data-path-to-node=\"2\">Aqu\u00ed te presentamos 5 realidades impactantes que est\u00e1n redefiniendo lo que significa hacerse mayor:<\/h4>\n<hr data-path-to-node=\"3\" \/>\n<h2 data-path-to-node=\"4\"><b data-path-to-node=\"4\" data-index-in-node=\"0\">1. Espa\u00f1a 2055: Un mapa demogr\u00e1fico sin precedentes<\/b><\/h2>\n<p data-path-to-node=\"5\"><span data-path-to-node=\"5,0\">No es solo una estad\u00edstica; es nuestra futura realidad. <\/span><span data-path-to-node=\"5,2\"><span class=\"citation-205\">Seg\u00fan el Instituto Nacional de Estad\u00edstica (INE), para el a\u00f1o 2055, el <\/span><b data-path-to-node=\"5,2\" data-index-in-node=\"71\"><span class=\"citation-205\">30,5% de la poblaci\u00f3n espa\u00f1ola tendr\u00e1 65 a\u00f1os o m\u00e1s<\/span><\/b><\/span><span data-path-to-node=\"5,4\">. <\/span><span data-path-to-node=\"5,6\"><span class=\"citation-204\">Lo m\u00e1s sorprendente es que este crecimiento se sostendr\u00e1 exclusivamente gracias a la migraci\u00f3n internacional, ya que la poblaci\u00f3n nacida en Espa\u00f1a tender\u00e1 a disminuir<\/span><\/span><span data-path-to-node=\"5,8\">.<\/span><\/p>\n<p data-path-to-node=\"6\"><span data-path-to-node=\"6,1\"><span class=\"citation-203\">Este \u00abinvierno demogr\u00e1fico\u00bb pone a Espa\u00f1a en una posici\u00f3n cr\u00edtica: seremos el segundo pa\u00eds con mayor gasto en pensiones de la Uni\u00f3n Europea para 2050<\/span><\/span><span data-path-to-node=\"6,3\">. <\/span><span data-path-to-node=\"6,5\"><span class=\"citation-202\">No se trata solo de sostenibilidad fiscal, sino de una metamorfosis estructural que exige una visi\u00f3n estrat\u00e9gica desde ya<\/span><\/span><span data-path-to-node=\"6,7\">.<\/span><\/p>\n<hr data-path-to-node=\"7\" \/>\n<h2 data-path-to-node=\"8\"><b data-path-to-node=\"8\" data-index-in-node=\"0\">2. Capacidad Jur\u00eddica: Menos \u00abinterruptor\u00bb, m\u00e1s gradualidad<\/b><\/h2>\n<p data-path-to-node=\"9\"><span data-path-to-node=\"9,1\"><span class=\"citation-201\">Tradicionalmente, el derecho ha visto la capacidad como un binarismo: o eres capaz, o no lo eres<\/span><\/span><span data-path-to-node=\"9,3\">. <\/span><span data-path-to-node=\"9,5\"><span class=\"citation-200\">Sin embargo, la neurociencia moderna nos dice algo muy distinto: la capacidad es <\/span><b data-path-to-node=\"9,5\" data-index-in-node=\"81\"><span class=\"citation-200\">gradual y funcional<\/span><\/b><\/span><span data-path-to-node=\"9,7\">.<\/span><\/p>\n<blockquote data-path-to-node=\"10\">\n<p data-path-to-node=\"10,0\"><span data-path-to-node=\"10,0,1\"><span class=\"citation-199\">\u00abProteger sin sustituir, acompa\u00f1ar sin desposeer\u00bb<\/span><\/span><span data-path-to-node=\"10,0,3\">.<\/span><\/p>\n<\/blockquote>\n<p data-path-to-node=\"11\"><span data-path-to-node=\"11,1\"><span class=\"citation-198\">Esta frase de la magistrada Natalia Velilla resume el nuevo enfoque: envejecer no es sin\u00f3nimo de perder la lucidez<\/span><\/span><span data-path-to-node=\"11,3\">. <\/span><span data-path-to-node=\"11,5\"><span class=\"citation-197\">Factores como el aislamiento o el miedo pueden nublar el juicio de alguien sano, por lo que el objetivo ahora es ofrecer apoyos proporcionales en lugar de arrebatar la autonom\u00eda<\/span><\/span><span data-path-to-node=\"11,7\">.<\/span><\/p>\n<hr data-path-to-node=\"12\" \/>\n<h2 data-path-to-node=\"13\"><b data-path-to-node=\"13\" data-index-in-node=\"0\">3. La trampa del Edadismo y la Hipervulnerabilidad<\/b><\/h2>\n<p data-path-to-node=\"14\"><span data-path-to-node=\"14,1\"><span class=\"citation-196\">A menudo infantilizamos a nuestros mayores bajo el pretexto de cuidarlos, un fen\u00f3meno conocido como edadismo<\/span><\/span><span data-path-to-node=\"14,3\">. <\/span><span data-path-to-node=\"14,5\"><span class=\"citation-195\">Pero hay que distinguir: la vulnerabilidad no es discapacidad<\/span><\/span><span data-path-to-node=\"14,7\">. <\/span><span data-path-to-node=\"14,9\"><span class=\"citation-194\">La catedr\u00e1tica F\u00e1tima Y\u00e1\u00f1ez introduce un t\u00e9rmino clave: la <\/span><b data-path-to-node=\"14,9\" data-index-in-node=\"59\"><span class=\"citation-194\">hipervulnerabilidad del consumidor mayor<\/span><\/b><\/span><span data-path-to-node=\"14,11\">.<\/span><\/p>\n<p data-path-to-node=\"15\"><span data-path-to-node=\"15,1\"><span class=\"citation-193\">Esta no nace de una falta de inteligencia, sino de una <\/span><b data-path-to-node=\"15,1\" data-index-in-node=\"55\"><span class=\"citation-193\">asimetr\u00eda informativa<\/span><\/b><span class=\"citation-193\"> agravada por la brecha digital y la soledad<\/span><\/span><span data-path-to-node=\"15,3\">. <\/span><span data-path-to-node=\"15,5\"><span class=\"citation-192\">En un mercado agresivo y digitalizado, el reto es garantizar que el mayor decida con informaci\u00f3n comprensible y tiempo suficiente, protegiendo su dignidad frente a la fatiga de tomar decisiones<\/span><\/span><span data-path-to-node=\"15,7\">.<\/span><\/p>\n<hr data-path-to-node=\"16\" \/>\n<h2 data-path-to-node=\"17\"><b data-path-to-node=\"17\" data-index-in-node=\"0\">4. El \u00abLadrillo\u00bb como motor de autonom\u00eda<\/b><\/h2>\n<p data-path-to-node=\"18\"><span data-path-to-node=\"18,1\"><span class=\"citation-191\">La vivienda ya no es solo un techo o un activo est\u00e1tico para heredar<\/span><\/span><span data-path-to-node=\"18,3\">. <\/span><span data-path-to-node=\"18,5\"><span class=\"citation-190\">Estamos viendo una metamorfosis habitacional con f\u00f3rmulas como el <\/span><b data-path-to-node=\"18,5\" data-index-in-node=\"66\"><span class=\"citation-190\">cohousing<\/span><\/b><span class=\"citation-190\"> (comunidades colaborativas) que fomentan la independencia<\/span><\/span><span data-path-to-node=\"18,7\">.<\/span><\/p>\n<p data-path-to-node=\"19\"><span data-path-to-node=\"19,1\"><span class=\"citation-189\">Lo m\u00e1s disruptivo es la <\/span><b data-path-to-node=\"19,1\" data-index-in-node=\"24\"><span class=\"citation-189\">licuaci\u00f3n patrimonial<\/span><\/b><span class=\"citation-189\">: la capacidad de transformar la vivienda en recursos l\u00edquidos para financiar cuidados y bienestar<\/span><\/span><span data-path-to-node=\"19,3\">. <\/span><span data-path-to-node=\"19,5\"><span class=\"citation-188\">Es, en esencia, convertir el patrimonio inmobiliario en una garant\u00eda de seguridad para la etapa final de la vida<\/span><\/span><span data-path-to-node=\"19,7\">.<\/span><\/p>\n<hr data-path-to-node=\"20\" \/>\n<h2 data-path-to-node=\"21\"><b data-path-to-node=\"21\" data-index-in-node=\"0\">5. Talento S\u00e9nior: El mito de la caducidad<\/b><\/h2>\n<p data-path-to-node=\"22\"><span data-path-to-node=\"22,0\">\u00bfCrees que la innovaci\u00f3n es solo para j\u00f3venes? <\/span><span data-path-to-node=\"22,2\"><span class=\"citation-187\">Los datos dicen lo contrario: los s\u00e9niors apuestan m\u00e1s por el <\/span><b data-path-to-node=\"22,2\" data-index-in-node=\"62\"><span class=\"citation-187\">autoempleo<\/span><\/b><span class=\"citation-187\"> que los j\u00f3venes<\/span><\/span><span data-path-to-node=\"22,4\">. <\/span><span data-path-to-node=\"22,6\"><span class=\"citation-186\">El talento no caduca, se especializa<\/span><\/span><span data-path-to-node=\"22,8\">.<\/span><\/p>\n<p data-path-to-node=\"23\"><span data-path-to-node=\"23,1\"><span class=\"citation-185\">Figuras como el <\/span><b data-path-to-node=\"23,1\" data-index-in-node=\"16\"><span class=\"citation-185\">Of Counsel<\/span><\/b><span class=\"citation-185\"> permiten que la \u00abedad del saber\u00bb aporte un valor estrat\u00e9gico incalculable a las organizaciones<\/span><\/span><span data-path-to-node=\"23,3\">. <\/span><span data-path-to-node=\"23,5\"><span class=\"citation-184\">Lejos de un conflicto generacional, el futuro pertenece a la sinergia entre la veteran\u00eda y la energ\u00eda joven<\/span><\/span><span data-path-to-node=\"23,7\">.<\/span><\/p>\n<hr data-path-to-node=\"24\" \/>\n<h3 data-path-to-node=\"25\"><b data-path-to-node=\"25\" data-index-in-node=\"0\">Hacia un futuro de decisiones compartidas<\/b><\/h3>\n<p data-path-to-node=\"26\"><span data-path-to-node=\"26,1\"><span class=\"citation-183\">Estamos ante un movimiento global que busca una Convenci\u00f3n Internacional de los derechos de las personas mayores<\/span><\/span><span data-path-to-node=\"26,3\">. <\/span><span data-path-to-node=\"26,5\"><span class=\"citation-182\">La autonom\u00eda no debe ser una concesi\u00f3n, sino un derecho fundamental<\/span><\/span><span data-path-to-node=\"26,7\">. <\/span><span data-path-to-node=\"26,9\"><span class=\"citation-181\">La pregunta que nos queda es: en una sociedad que envejece a pasos agigantados, <\/span><b data-path-to-node=\"26,9\" data-index-in-node=\"80\"><span class=\"citation-181\">\u00bfestamos listos para dejar de decidir \u00abpor\u00bb nuestros mayores y empezar a decidir \u00abcon\u00bb ellos?<\/span><\/b><\/span><span data-path-to-node=\"26,11\">.<\/span><\/p>\n<p data-path-to-node=\"27\"><span data-path-to-node=\"27,1\"><span class=\"citation-180\">En <\/span><a class=\"ng-star-inserted\" href=\"https:\/\/csgconsultores.com\/en\/\" target=\"_blank\" rel=\"noopener\" data-hveid=\"23\"><span class=\"citation-180\">csgconsultores.com<\/span><\/a><span class=\"citation-180\"> ayudamos a las organizaciones a comprender la econom\u00eda de la longevidad como una oportunidad estrat\u00e9gica de crecimiento<\/span><\/span><span data-path-to-node=\"27,3\">.<\/span><\/p>\n<p data-path-to-node=\"28\"><b data-path-to-node=\"28\" data-index-in-node=\"0\">\u00bfTe gustar\u00eda que analiz\u00e1ramos c\u00f3mo integrar el talento s\u00e9nior o las nuevas soluciones habitacionales en la estrategia de tu organizaci\u00f3n?<\/b><\/p>","protected":false},"excerpt":{"rendered":"<p>Espa\u00f1a se enfrenta a una transformaci\u00f3n estructural donde el 30,5% de la poblaci\u00f3n ser\u00e1 mayor de 65 a\u00f1os en 2055, exigiendo un cambio de paradigma hacia la autonom\u00eda y la participaci\u00f3n activa. Este art\u00edculo analiza c\u00f3mo la neurociencia, el talento s\u00e9nior y la nueva gesti\u00f3n patrimonial est\u00e1n redefiniendo el envejecimiento como una etapa de renovaci\u00f3n y decisiones conscientes.<\/p>","protected":false},"author":2,"featured_media":346858,"comment_status":"closed","ping_status":"closed","sticky":false,"template":"","format":"standard","meta":{"_et_pb_use_builder":"","_et_pb_old_content":"","_et_gb_content_width":"","footnotes":""},"categories":[16],"tags":[18,17,19,20],"class_list":["post-346857","post","type-post","status-publish","format-standard","has-post-thumbnail","hentry","category-gestion-de-la-dependencia","tag-asesoria-canarias","tag-patrimonio-senior","tag-servicio-de-apoyo-domiciliario","tag-teleasistencia"],"yoast_head":"<!-- This site is optimized with the Yoast SEO plugin v27.5 - https:\/\/yoast.com\/product\/yoast-seo-wordpress\/ -->\n<title>La Revoluci\u00f3n de las Canas: 5 Verdades que Cambiar\u00e1n tu Forma de Ver el Envejecimiento - csgconsultores<\/title>\n<meta name=\"robots\" content=\"index, follow, max-snippet:-1, max-image-preview:large, max-video-preview:-1\" \/>\n<link rel=\"canonical\" href=\"https:\/\/csgconsultores.com\/en\/la-revolucion-de-las-canas-5-verdades-que-cambiaran-tu-forma-de-ver-el-envejecimiento\/\" \/>\n<meta property=\"og:locale\" content=\"en_US\" \/>\n<meta property=\"og:type\" content=\"article\" \/>\n<meta property=\"og:title\" content=\"La Revoluci\u00f3n de las Canas: 5 Verdades que Cambiar\u00e1n tu Forma de Ver el Envejecimiento - csgconsultores\" \/>\n<meta property=\"og:description\" content=\"Espa\u00f1a se enfrenta a una transformaci\u00f3n estructural donde el 30,5% de la poblaci\u00f3n ser\u00e1 mayor de 65 a\u00f1os en 2055, exigiendo un cambio de paradigma hacia la autonom\u00eda y la participaci\u00f3n activa. Este art\u00edculo analiza c\u00f3mo la neurociencia, el talento s\u00e9nior y la nueva gesti\u00f3n patrimonial est\u00e1n redefiniendo el envejecimiento como una etapa de renovaci\u00f3n y decisiones conscientes.\" \/>\n<meta property=\"og:url\" content=\"https:\/\/csgconsultores.com\/en\/la-revolucion-de-las-canas-5-verdades-que-cambiaran-tu-forma-de-ver-el-envejecimiento\/\" \/>\n<meta property=\"og:site_name\" content=\"csgconsultores\" \/>\n<meta property=\"article:published_time\" content=\"2026-02-12T19:47:42+00:00\" \/>\n<meta property=\"og:image\" content=\"https:\/\/csgconsultores.com\/wp-content\/uploads\/2026\/02\/Gemini_Generated_Image_2hci782hci782hci.webp\" \/>\n\t<meta property=\"og:image:width\" content=\"1152\" \/>\n\t<meta property=\"og:image:height\" content=\"896\" \/>\n\t<meta property=\"og:image:type\" content=\"image\/webp\" \/>\n<meta name=\"author\" content=\"cayetano@csgconsultores.com\" \/>\n<meta name=\"twitter:card\" content=\"summary_large_image\" \/>\n<meta name=\"twitter:label1\" content=\"Written by\" \/>\n\t<meta name=\"twitter:data1\" content=\"cayetano@csgconsultores.com\" \/>\n\t<meta name=\"twitter:label2\" content=\"Est. reading time\" \/>\n\t<meta name=\"twitter:data2\" content=\"4 minutes\" \/>\n<script type=\"application\/ld+json\" class=\"yoast-schema-graph\">{\"@context\":\"https:\\\/\\\/schema.org\",\"@graph\":[{\"@type\":\"Article\",\"@id\":\"https:\\\/\\\/csgconsultores.com\\\/la-revolucion-de-las-canas-5-verdades-que-cambiaran-tu-forma-de-ver-el-envejecimiento\\\/#article\",\"isPartOf\":{\"@id\":\"https:\\\/\\\/csgconsultores.com\\\/la-revolucion-de-las-canas-5-verdades-que-cambiaran-tu-forma-de-ver-el-envejecimiento\\\/\"},\"author\":{\"name\":\"cayetano@csgconsultores.com\",\"@id\":\"https:\\\/\\\/csgconsultores.com\\\/#\\\/schema\\\/person\\\/a8471e1b835c0e03a7d27392910db345\"},\"headline\":\"La Revoluci\u00f3n de las Canas: 5 Verdades que Cambiar\u00e1n tu Forma de Ver el Envejecimiento\",\"datePublished\":\"2026-02-12T19:47:42+00:00\",\"mainEntityOfPage\":{\"@id\":\"https:\\\/\\\/csgconsultores.com\\\/la-revolucion-de-las-canas-5-verdades-que-cambiaran-tu-forma-de-ver-el-envejecimiento\\\/\"},\"wordCount\":734,\"image\":{\"@id\":\"https:\\\/\\\/csgconsultores.com\\\/la-revolucion-de-las-canas-5-verdades-que-cambiaran-tu-forma-de-ver-el-envejecimiento\\\/#primaryimage\"},\"thumbnailUrl\":\"https:\\\/\\\/csgconsultores.com\\\/wp-content\\\/uploads\\\/2026\\\/02\\\/Gemini_Generated_Image_2hci782hci782hci.webp\",\"keywords\":[\"Asesor\u00eda Canarias\",\"Patrimonio s\u00e9nior\",\"Servicio de Apoyo Domiciliario\",\"Teleasistencia\"],\"articleSection\":[\"Gesti\u00f3n de la Dependencia\"],\"inLanguage\":\"en-US\"},{\"@type\":\"WebPage\",\"@id\":\"https:\\\/\\\/csgconsultores.com\\\/la-revolucion-de-las-canas-5-verdades-que-cambiaran-tu-forma-de-ver-el-envejecimiento\\\/\",\"url\":\"https:\\\/\\\/csgconsultores.com\\\/la-revolucion-de-las-canas-5-verdades-que-cambiaran-tu-forma-de-ver-el-envejecimiento\\\/\",\"name\":\"La Revoluci\u00f3n de las Canas: 5 Verdades que Cambiar\u00e1n tu Forma de Ver el Envejecimiento - csgconsultores\",\"isPartOf\":{\"@id\":\"https:\\\/\\\/csgconsultores.com\\\/#website\"},\"primaryImageOfPage\":{\"@id\":\"https:\\\/\\\/csgconsultores.com\\\/la-revolucion-de-las-canas-5-verdades-que-cambiaran-tu-forma-de-ver-el-envejecimiento\\\/#primaryimage\"},\"image\":{\"@id\":\"https:\\\/\\\/csgconsultores.com\\\/la-revolucion-de-las-canas-5-verdades-que-cambiaran-tu-forma-de-ver-el-envejecimiento\\\/#primaryimage\"},\"thumbnailUrl\":\"https:\\\/\\\/csgconsultores.com\\\/wp-content\\\/uploads\\\/2026\\\/02\\\/Gemini_Generated_Image_2hci782hci782hci.webp\",\"datePublished\":\"2026-02-12T19:47:42+00:00\",\"author\":{\"@id\":\"https:\\\/\\\/csgconsultores.com\\\/#\\\/schema\\\/person\\\/a8471e1b835c0e03a7d27392910db345\"},\"breadcrumb\":{\"@id\":\"https:\\\/\\\/csgconsultores.com\\\/la-revolucion-de-las-canas-5-verdades-que-cambiaran-tu-forma-de-ver-el-envejecimiento\\\/#breadcrumb\"},\"inLanguage\":\"en-US\",\"potentialAction\":[{\"@type\":\"ReadAction\",\"target\":[\"https:\\\/\\\/csgconsultores.com\\\/la-revolucion-de-las-canas-5-verdades-que-cambiaran-tu-forma-de-ver-el-envejecimiento\\\/\"]}]},{\"@type\":\"ImageObject\",\"inLanguage\":\"en-US\",\"@id\":\"https:\\\/\\\/csgconsultores.com\\\/la-revolucion-de-las-canas-5-verdades-que-cambiaran-tu-forma-de-ver-el-envejecimiento\\\/#primaryimage\",\"url\":\"https:\\\/\\\/csgconsultores.com\\\/wp-content\\\/uploads\\\/2026\\\/02\\\/Gemini_Generated_Image_2hci782hci782hci.webp\",\"contentUrl\":\"https:\\\/\\\/csgconsultores.com\\\/wp-content\\\/uploads\\\/2026\\\/02\\\/Gemini_Generated_Image_2hci782hci782hci.webp\",\"width\":1152,\"height\":896,\"caption\":\"Infograf\u00eda integral de CSG Consultores sobre la Revoluci\u00f3n de las Canas en Espa\u00f1a, que ilustra las proyecciones demogr\u00e1ficas del INE para 2055, el di\u00e1logo entre neurociencia y derecho para la autonom\u00eda jur\u00eddica, la importancia del talento s\u00e9nior en las empresas y soluciones de vivienda como el cohousing y la licuaci\u00f3n patrimonial.\"},{\"@type\":\"BreadcrumbList\",\"@id\":\"https:\\\/\\\/csgconsultores.com\\\/la-revolucion-de-las-canas-5-verdades-que-cambiaran-tu-forma-de-ver-el-envejecimiento\\\/#breadcrumb\",\"itemListElement\":[{\"@type\":\"ListItem\",\"position\":1,\"name\":\"Portada\",\"item\":\"https:\\\/\\\/csgconsultores.com\\\/\"},{\"@type\":\"ListItem\",\"position\":2,\"name\":\"La Revoluci\u00f3n de las Canas: 5 Verdades que Cambiar\u00e1n tu Forma de Ver el Envejecimiento\"}]},{\"@type\":\"WebSite\",\"@id\":\"https:\\\/\\\/csgconsultores.com\\\/#website\",\"url\":\"https:\\\/\\\/csgconsultores.com\\\/\",\"name\":\"csgconsultores\",\"description\":\"\",\"potentialAction\":[{\"@type\":\"SearchAction\",\"target\":{\"@type\":\"EntryPoint\",\"urlTemplate\":\"https:\\\/\\\/csgconsultores.com\\\/?s={search_term_string}\"},\"query-input\":{\"@type\":\"PropertyValueSpecification\",\"valueRequired\":true,\"valueName\":\"search_term_string\"}}],\"inLanguage\":\"en-US\"},{\"@type\":\"Person\",\"@id\":\"https:\\\/\\\/csgconsultores.com\\\/#\\\/schema\\\/person\\\/a8471e1b835c0e03a7d27392910db345\",\"name\":\"cayetano@csgconsultores.com\",\"image\":{\"@type\":\"ImageObject\",\"inLanguage\":\"en-US\",\"@id\":\"https:\\\/\\\/secure.gravatar.com\\\/avatar\\\/07d29f5d48b53cd54d1785e3145564adebac4ad140bee79cc41e0647fb092811?s=96&d=mm&r=g\",\"url\":\"https:\\\/\\\/secure.gravatar.com\\\/avatar\\\/07d29f5d48b53cd54d1785e3145564adebac4ad140bee79cc41e0647fb092811?s=96&d=mm&r=g\",\"contentUrl\":\"https:\\\/\\\/secure.gravatar.com\\\/avatar\\\/07d29f5d48b53cd54d1785e3145564adebac4ad140bee79cc41e0647fb092811?s=96&d=mm&r=g\",\"caption\":\"cayetano@csgconsultores.com\"},\"url\":\"https:\\\/\\\/csgconsultores.com\\\/en\\\/author\\\/cayetanocsgconsultores-com\\\/\"}]}<\/script>\n<!-- \/ Yoast SEO plugin. -->","yoast_head_json":{"title":"La Revoluci\u00f3n de las Canas: 5 Verdades que Cambiar\u00e1n tu Forma de Ver el Envejecimiento - csgconsultores","robots":{"index":"index","follow":"follow","max-snippet":"max-snippet:-1","max-image-preview":"max-image-preview:large","max-video-preview":"max-video-preview:-1"},"canonical":"https:\/\/csgconsultores.com\/en\/la-revolucion-de-las-canas-5-verdades-que-cambiaran-tu-forma-de-ver-el-envejecimiento\/","og_locale":"en_US","og_type":"article","og_title":"La Revoluci\u00f3n de las Canas: 5 Verdades que Cambiar\u00e1n tu Forma de Ver el Envejecimiento - csgconsultores","og_description":"Espa\u00f1a se enfrenta a una transformaci\u00f3n estructural donde el 30,5% de la poblaci\u00f3n ser\u00e1 mayor de 65 a\u00f1os en 2055, exigiendo un cambio de paradigma hacia la autonom\u00eda y la participaci\u00f3n activa. Este art\u00edculo analiza c\u00f3mo la neurociencia, el talento s\u00e9nior y la nueva gesti\u00f3n patrimonial est\u00e1n redefiniendo el envejecimiento como una etapa de renovaci\u00f3n y decisiones conscientes.","og_url":"https:\/\/csgconsultores.com\/en\/la-revolucion-de-las-canas-5-verdades-que-cambiaran-tu-forma-de-ver-el-envejecimiento\/","og_site_name":"csgconsultores","article_published_time":"2026-02-12T19:47:42+00:00","og_image":[{"width":1152,"height":896,"url":"https:\/\/csgconsultores.com\/wp-content\/uploads\/2026\/02\/Gemini_Generated_Image_2hci782hci782hci.webp","type":"image\/webp"}],"author":"cayetano@csgconsultores.com","twitter_card":"summary_large_image","twitter_misc":{"Written by":"cayetano@csgconsultores.com","Est. reading time":"4 minutes"},"schema":{"@context":"https:\/\/schema.org","@graph":[{"@type":"Article","@id":"https:\/\/csgconsultores.com\/la-revolucion-de-las-canas-5-verdades-que-cambiaran-tu-forma-de-ver-el-envejecimiento\/#article","isPartOf":{"@id":"https:\/\/csgconsultores.com\/la-revolucion-de-las-canas-5-verdades-que-cambiaran-tu-forma-de-ver-el-envejecimiento\/"},"author":{"name":"cayetano@csgconsultores.com","@id":"https:\/\/csgconsultores.com\/#\/schema\/person\/a8471e1b835c0e03a7d27392910db345"},"headline":"La Revoluci\u00f3n de las Canas: 5 Verdades que Cambiar\u00e1n tu Forma de Ver el Envejecimiento","datePublished":"2026-02-12T19:47:42+00:00","mainEntityOfPage":{"@id":"https:\/\/csgconsultores.com\/la-revolucion-de-las-canas-5-verdades-que-cambiaran-tu-forma-de-ver-el-envejecimiento\/"},"wordCount":734,"image":{"@id":"https:\/\/csgconsultores.com\/la-revolucion-de-las-canas-5-verdades-que-cambiaran-tu-forma-de-ver-el-envejecimiento\/#primaryimage"},"thumbnailUrl":"https:\/\/csgconsultores.com\/wp-content\/uploads\/2026\/02\/Gemini_Generated_Image_2hci782hci782hci.webp","keywords":["Asesor\u00eda Canarias","Patrimonio s\u00e9nior","Servicio de Apoyo Domiciliario","Teleasistencia"],"articleSection":["Gesti\u00f3n de la Dependencia"],"inLanguage":"en-US"},{"@type":"WebPage","@id":"https:\/\/csgconsultores.com\/la-revolucion-de-las-canas-5-verdades-que-cambiaran-tu-forma-de-ver-el-envejecimiento\/","url":"https:\/\/csgconsultores.com\/la-revolucion-de-las-canas-5-verdades-que-cambiaran-tu-forma-de-ver-el-envejecimiento\/","name":"La Revoluci\u00f3n de las Canas: 5 Verdades que Cambiar\u00e1n tu Forma de Ver el Envejecimiento - csgconsultores","isPartOf":{"@id":"https:\/\/csgconsultores.com\/#website"},"primaryImageOfPage":{"@id":"https:\/\/csgconsultores.com\/la-revolucion-de-las-canas-5-verdades-que-cambiaran-tu-forma-de-ver-el-envejecimiento\/#primaryimage"},"image":{"@id":"https:\/\/csgconsultores.com\/la-revolucion-de-las-canas-5-verdades-que-cambiaran-tu-forma-de-ver-el-envejecimiento\/#primaryimage"},"thumbnailUrl":"https:\/\/csgconsultores.com\/wp-content\/uploads\/2026\/02\/Gemini_Generated_Image_2hci782hci782hci.webp","datePublished":"2026-02-12T19:47:42+00:00","author":{"@id":"https:\/\/csgconsultores.com\/#\/schema\/person\/a8471e1b835c0e03a7d27392910db345"},"breadcrumb":{"@id":"https:\/\/csgconsultores.com\/la-revolucion-de-las-canas-5-verdades-que-cambiaran-tu-forma-de-ver-el-envejecimiento\/#breadcrumb"},"inLanguage":"en-US","potentialAction":[{"@type":"ReadAction","target":["https:\/\/csgconsultores.com\/la-revolucion-de-las-canas-5-verdades-que-cambiaran-tu-forma-de-ver-el-envejecimiento\/"]}]},{"@type":"ImageObject","inLanguage":"en-US","@id":"https:\/\/csgconsultores.com\/la-revolucion-de-las-canas-5-verdades-que-cambiaran-tu-forma-de-ver-el-envejecimiento\/#primaryimage","url":"https:\/\/csgconsultores.com\/wp-content\/uploads\/2026\/02\/Gemini_Generated_Image_2hci782hci782hci.webp","contentUrl":"https:\/\/csgconsultores.com\/wp-content\/uploads\/2026\/02\/Gemini_Generated_Image_2hci782hci782hci.webp","width":1152,"height":896,"caption":"Infograf\u00eda integral de CSG Consultores sobre la Revoluci\u00f3n de las Canas en Espa\u00f1a, que ilustra las proyecciones demogr\u00e1ficas del INE para 2055, el di\u00e1logo entre neurociencia y derecho para la autonom\u00eda jur\u00eddica, la importancia del talento s\u00e9nior en las empresas y soluciones de vivienda como el cohousing y la licuaci\u00f3n patrimonial."},{"@type":"BreadcrumbList","@id":"https:\/\/csgconsultores.com\/la-revolucion-de-las-canas-5-verdades-que-cambiaran-tu-forma-de-ver-el-envejecimiento\/#breadcrumb","itemListElement":[{"@type":"ListItem","position":1,"name":"Portada","item":"https:\/\/csgconsultores.com\/"},{"@type":"ListItem","position":2,"name":"La Revoluci\u00f3n de las Canas: 5 Verdades que Cambiar\u00e1n tu Forma de Ver el Envejecimiento"}]},{"@type":"WebSite","@id":"https:\/\/csgconsultores.com\/#website","url":"https:\/\/csgconsultores.com\/","name":"csgconsultores","description":"","potentialAction":[{"@type":"SearchAction","target":{"@type":"EntryPoint","urlTemplate":"https:\/\/csgconsultores.com\/?s={search_term_string}"},"query-input":{"@type":"PropertyValueSpecification","valueRequired":true,"valueName":"search_term_string"}}],"inLanguage":"en-US"},{"@type":"Person","@id":"https:\/\/csgconsultores.com\/#\/schema\/person\/a8471e1b835c0e03a7d27392910db345","name":"cayetano@csgconsultores.com","image":{"@type":"ImageObject","inLanguage":"en-US","@id":"https:\/\/secure.gravatar.com\/avatar\/07d29f5d48b53cd54d1785e3145564adebac4ad140bee79cc41e0647fb092811?s=96&d=mm&r=g","url":"https:\/\/secure.gravatar.com\/avatar\/07d29f5d48b53cd54d1785e3145564adebac4ad140bee79cc41e0647fb092811?s=96&d=mm&r=g","contentUrl":"https:\/\/secure.gravatar.com\/avatar\/07d29f5d48b53cd54d1785e3145564adebac4ad140bee79cc41e0647fb092811?s=96&d=mm&r=g","caption":"cayetano@csgconsultores.com"},"url":"https:\/\/csgconsultores.com\/en\/author\/cayetanocsgconsultores-com\/"}]}},"_links":{"self":[{"href":"https:\/\/csgconsultores.com\/en\/wp-json\/wp\/v2\/posts\/346857","targetHints":{"allow":["GET"]}}],"collection":[{"href":"https:\/\/csgconsultores.com\/en\/wp-json\/wp\/v2\/posts"}],"about":[{"href":"https:\/\/csgconsultores.com\/en\/wp-json\/wp\/v2\/types\/post"}],"author":[{"embeddable":true,"href":"https:\/\/csgconsultores.com\/en\/wp-json\/wp\/v2\/users\/2"}],"replies":[{"embeddable":true,"href":"https:\/\/csgconsultores.com\/en\/wp-json\/wp\/v2\/comments?post=346857"}],"version-history":[{"count":1,"href":"https:\/\/csgconsultores.com\/en\/wp-json\/wp\/v2\/posts\/346857\/revisions"}],"predecessor-version":[{"id":346859,"href":"https:\/\/csgconsultores.com\/en\/wp-json\/wp\/v2\/posts\/346857\/revisions\/346859"}],"wp:featuredmedia":[{"embeddable":true,"href":"https:\/\/csgconsultores.com\/en\/wp-json\/wp\/v2\/media\/346858"}],"wp:attachment":[{"href":"https:\/\/csgconsultores.com\/en\/wp-json\/wp\/v2\/media?parent=346857"}],"wp:term":[{"taxonomy":"category","embeddable":true,"href":"https:\/\/csgconsultores.com\/en\/wp-json\/wp\/v2\/categories?post=346857"},{"taxonomy":"post_tag","embeddable":true,"href":"https:\/\/csgconsultores.com\/en\/wp-json\/wp\/v2\/tags?post=346857"}],"curies":[{"name":"wp","href":"https:\/\/api.w.org\/{rel}","templated":true}]}}